{"id":526,"date":"2026-08-07T01:28:11","date_gmt":"2026-08-07T01:28:11","guid":{"rendered":"https:\/\/porschecenterbh.com.br\/blog\/?p=526"},"modified":"2026-08-07T01:28:11","modified_gmt":"2026-08-07T01:28:11","slug":"porsche-panamera-turbo-e-hybrid-o-fim-da-ansiedade-de-autonomia","status":"publish","type":"post","link":"https:\/\/porschecenterbh.com.br\/blog\/2026\/08\/07\/porsche-panamera-turbo-e-hybrid-o-fim-da-ansiedade-de-autonomia\/","title":{"rendered":"Porsche Panamera Turbo E-Hybrid: o fim da \u201cansiedade de autonomia\u201d"},"content":{"rendered":"<p><span style=\"font-weight: 300;\">O mercado de luxo automotivo vive um dilema com a eletrifica\u00e7\u00e3o. Embora o torque instant\u00e2neo fascine os motoristas mais exigentes, a transi\u00e7\u00e3o para modelos plug-in costuma trazer um inc\u00f4modo: a chamada ansiedade de autonomia, que gera o receio de depender de tomadas em trajetos longos.<\/span><\/p>\n<p><span style=\"font-weight: 300;\">Para solucionar esse impasse, o <\/span><b>Panamera Turbo E-Hybrid<\/b><span style=\"font-weight: 300;\"> surge como a resposta inovadora da engenharia alem\u00e3. O modelo redefine o conceito de mobilidade de alto padr\u00e3o ao unir o refinamento t\u00e9cnico de um supercarro executivo com um gerenciamento h\u00edbrido inteligente de energia. Entenda mais a seguir!<\/span><\/p>\n<p>&nbsp;<\/p>\n<h2><b>O dia a dia na cidade em modo puramente el\u00e9trico<\/b><\/h2>\n<p><span style=\"font-weight: 300;\">Ao rodar pelas avenidas de Belo Horizonte, o motorista moderno precisa de m\u00e1xima agilidade e efici\u00eancia para cumprir compromissos. No modo puramente el\u00e9trico, o ve\u00edculo oferece uma condu\u00e7\u00e3o totalmente silenciosa e suave. Essa configura\u00e7\u00e3o \u00e9 ideal para o tr\u00e2nsito da capital mineira, garantindo calmaria e conforto mesmo nos hor\u00e1rios de pico.<\/span><\/p>\n<p><span style=\"font-weight: 300;\">O sistema el\u00e9trico de \u00faltima gera\u00e7\u00e3o entrega uma resposta imediata e linear ao acelerador. Isso permite deslocamentos urbanos di\u00e1rios completos sem consumir combust\u00edvel. Trata-se de um Porsche h\u00edbrido projetado para acomodar voc\u00ea e mais quatro pessoas com espa\u00e7o sofisticado<\/span> <span style=\"font-weight: 300;\">e conveni\u00eancia em sua rotina de neg\u00f3cios.<\/span><\/p>\n<p>&nbsp;<\/p>\n<h2><b>A estrada sem limites e o sistema h\u00edbrido inteligente<\/b><\/h2>\n<p><span style=\"font-weight: 300;\">O verdadeiro trunfo desse sed\u00e3 de luxo se revela quando as fronteiras urbanas ficam para tr\u00e1s. A transi\u00e7\u00e3o autom\u00e1tica entre o motor el\u00e9trico e o propulsor V8 a combust\u00e3o ocorre de maneira totalmente impercept\u00edvel para os ocupantes. Essa sinergia avan\u00e7ada deixa de lado qualquer tra\u00e7o de ansiedade de autonomia.<\/span><\/p>\n<p><span style=\"font-weight: 300;\">Com o gerenciamento inteligente de carga, o ve\u00edculo regenera energia de forma aut\u00f4noma durante as desacelera\u00e7\u00f5es e frenagens. Isso garante total liberdade para viajar longas dist\u00e2ncias com a conveni\u00eancia e a praticidade de um tanque tradicional. Assim, o condutor foca no prazer de dirigir, sabendo que o leg\u00edtimo DNA de pista da marca permanece intacto.<\/span><\/p>\n<p>&nbsp;<\/p>\n<h2><b>Alta performance com o aut\u00eantico DNA Turbo<\/b><\/h2>\n<p><span style=\"font-weight: 300;\">N\u00e3o \u00e9 \u00e0 toa que o <\/span><b>Panamera E-Hybrid<\/b><span style=\"font-weight: 300;\"> traz o termo Turbo em sua assinatura. A uni\u00e3o perfeita das motoriza\u00e7\u00f5es gera uma pot\u00eancia combinada avassaladora de 680 cv. O n\u00famero impressiona e redefine completamente os padr\u00f5es de performance para a categoria.<\/span><\/p>\n<p><span style=\"font-weight: 300;\">Esse conjunto mec\u00e2nico faz com que o sed\u00e3 acelere de 0 a 100 km\/h em meros 3,2 segundos. A tra\u00e7\u00e3o integral eletr\u00f4nica e a transmiss\u00e3o autom\u00e1tica garantem uma ader\u00eancia impec\u00e1vel ao asfalto. Somados ao luxo de primeira classe e a um amplo bagageiro com 421 litros de capacidade, o modelo oferece a esportividade que consagrou a marca mundialmente.<\/span><\/p>\n<p>&nbsp;<\/p>\n<h2><b>Vivencie o extraordin\u00e1rio com a Porsche<\/b><\/h2>\n<p><span style=\"font-weight: 300;\">A escolha pelo Panamera Turbo E-Hybrid equilibra perfeitamente a l\u00f3gica racional de uma engenharia h\u00edbrida eficiente com a emo\u00e7\u00e3o indescrit\u00edvel do torque instant\u00e2neo. \u00c9 o autom\u00f3vel para quem busca versatilidade, espa\u00e7o sofisticado e o prest\u00edgio de um \u00edcone automotivo.<\/span><\/p>\n<p><span style=\"font-weight: 300;\"><a href=\"https:\/\/materiais.porschecenterbh.com.br\/blog-porsche\">Entre em contato com a nossa equipe<\/a> para planejar cada detalhe do seu pr\u00f3ximo ve\u00edculo.<\/span><\/p>\n","protected":false},"excerpt":{"rendered":"<p class=\"qua-blog-post-description\">O mercado de luxo automotivo vive um dilema com a eletrifica\u00e7\u00e3o. Embora o torque instant\u00e2neo fascine os motoristas mais exigentes, a transi\u00e7\u00e3o para modelos plug-in costuma trazer um inc\u00f4modo: a chamada ansiedade de autonomia, que gera o receio de depender de tomadas em trajetos longos. Para solucionar esse impasse, o Panamera Turbo E-Hybrid surge como<\/p>\n<p class=\"qua-blog-post-description\"><a href=\"https:\/\/porschecenterbh.com.br\/blog\/2026\/08\/07\/porsche-panamera-turbo-e-hybrid-o-fim-da-ansiedade-de-autonomia\/#more-526\" class=\"more-link\">Ler mais<\/a><\/p>\n","protected":false},"author":7,"featured_media":527,"comment_status":"open","ping_status":"open","sticky":false,"template":"","format":"standard","meta":{"footnotes":""},"categories":[18],"tags":[27],"class_list":["post-526","post","type-post","status-publish","format-standard","has-post-thumbnail","hentry","category-blog","tag-panamera"],"yoast_head":"<!-- This site is optimized with the Yoast SEO plugin v20.5 - https:\/\/yoast.com\/wordpress\/plugins\/seo\/ -->\n<title>Porsche Panamera Turbo E-Hybrid: o fim da \u201cansiedade de autonomia\u201d - Blog Porsche Center BH<\/title>\n<meta name=\"description\" content=\"Esque\u00e7a as limita\u00e7\u00f5es de recarga. O Panamera E-Hybrid combina intelig\u00eancia urbana e o motor V8 Turbo para viagens longas e sem paradas planejadas.\" \/>\n<meta name=\"robots\" content=\"index, follow, max-snippet:-1, max-image-preview:large, max-video-preview:-1\" \/>\n<link rel=\"canonical\" href=\"https:\/\/porschecenterbh.com.br\/blog\/2026\/08\/07\/porsche-panamera-turbo-e-hybrid-o-fim-da-ansiedade-de-autonomia\/\" \/>\n<meta property=\"og:locale\" content=\"pt_BR\" \/>\n<meta property=\"og:type\" content=\"article\" \/>\n<meta property=\"og:title\" content=\"Porsche Panamera Turbo E-Hybrid: o fim da \u201cansiedade de autonomia\u201d - Blog Porsche Center BH\" \/>\n<meta property=\"og:description\" content=\"Esque\u00e7a as limita\u00e7\u00f5es de recarga. O Panamera E-Hybrid combina intelig\u00eancia urbana e o motor V8 Turbo para viagens longas e sem paradas planejadas.\" \/>\n<meta property=\"og:url\" content=\"https:\/\/porschecenterbh.com.br\/blog\/2026\/08\/07\/porsche-panamera-turbo-e-hybrid-o-fim-da-ansiedade-de-autonomia\/\" \/>\n<meta property=\"og:site_name\" content=\"Blog Porsche Center BH\" \/>\n<meta property=\"article:published_time\" content=\"2026-08-07T01:28:11+00:00\" \/>\n<meta property=\"og:image\" content=\"https:\/\/porschecenterbh.com.br\/blog\/wp-content\/uploads\/2026\/08\/Capa-blog-Panamera-Turbo-E-Hybrid.png\" \/>\n\t<meta property=\"og:image:width\" content=\"1920\" \/>\n\t<meta property=\"og:image:height\" content=\"1080\" \/>\n\t<meta property=\"og:image:type\" content=\"image\/png\" \/>\n<meta name=\"author\" content=\"Duo Studio\" \/>\n<meta name=\"twitter:card\" content=\"summary_large_image\" \/>\n<meta name=\"twitter:label1\" content=\"Escrito por\" \/>\n\t<meta name=\"twitter:data1\" content=\"Duo Studio\" \/>\n\t<meta name=\"twitter:label2\" content=\"Est. tempo de leitura\" \/>\n\t<meta name=\"twitter:data2\" content=\"3 minutos\" \/>\n<script type=\"application\/ld+json\" class=\"yoast-schema-graph\">{\"@context\":\"https:\/\/schema.org\",\"@graph\":[{\"@type\":\"Article\",\"@id\":\"https:\/\/porschecenterbh.com.br\/blog\/2026\/08\/07\/porsche-panamera-turbo-e-hybrid-o-fim-da-ansiedade-de-autonomia\/#article\",\"isPartOf\":{\"@id\":\"https:\/\/porschecenterbh.com.br\/blog\/2026\/08\/07\/porsche-panamera-turbo-e-hybrid-o-fim-da-ansiedade-de-autonomia\/\"},\"author\":{\"name\":\"Duo Studio\",\"@id\":\"https:\/\/porschecenterbh.com.br\/blog\/#\/schema\/person\/1acd7c6b8a33e455afc0cf9e8821fd33\"},\"headline\":\"Porsche Panamera Turbo E-Hybrid: o fim da \u201cansiedade de autonomia\u201d\",\"datePublished\":\"2026-08-07T01:28:11+00:00\",\"dateModified\":\"2026-08-07T01:28:11+00:00\",\"mainEntityOfPage\":{\"@id\":\"https:\/\/porschecenterbh.com.br\/blog\/2026\/08\/07\/porsche-panamera-turbo-e-hybrid-o-fim-da-ansiedade-de-autonomia\/\"},\"wordCount\":547,\"commentCount\":1,\"publisher\":{\"@id\":\"https:\/\/porschecenterbh.com.br\/blog\/#organization\"},\"keywords\":[\"Panamera\"],\"articleSection\":[\"Blog\"],\"inLanguage\":\"pt-BR\",\"potentialAction\":[{\"@type\":\"CommentAction\",\"name\":\"Comment\",\"target\":[\"https:\/\/porschecenterbh.com.br\/blog\/2026\/08\/07\/porsche-panamera-turbo-e-hybrid-o-fim-da-ansiedade-de-autonomia\/#respond\"]}]},{\"@type\":\"WebPage\",\"@id\":\"https:\/\/porschecenterbh.com.br\/blog\/2026\/08\/07\/porsche-panamera-turbo-e-hybrid-o-fim-da-ansiedade-de-autonomia\/\",\"url\":\"https:\/\/porschecenterbh.com.br\/blog\/2026\/08\/07\/porsche-panamera-turbo-e-hybrid-o-fim-da-ansiedade-de-autonomia\/\",\"name\":\"Porsche Panamera Turbo E-Hybrid: o fim da \u201cansiedade de autonomia\u201d - Blog Porsche Center BH\",\"isPartOf\":{\"@id\":\"https:\/\/porschecenterbh.com.br\/blog\/#website\"},\"datePublished\":\"2026-08-07T01:28:11+00:00\",\"dateModified\":\"2026-08-07T01:28:11+00:00\",\"description\":\"Esque\u00e7a as limita\u00e7\u00f5es de recarga. O Panamera E-Hybrid combina intelig\u00eancia urbana e o motor V8 Turbo para viagens longas e sem paradas planejadas.\",\"breadcrumb\":{\"@id\":\"https:\/\/porschecenterbh.com.br\/blog\/2026\/08\/07\/porsche-panamera-turbo-e-hybrid-o-fim-da-ansiedade-de-autonomia\/#breadcrumb\"},\"inLanguage\":\"pt-BR\",\"potentialAction\":[{\"@type\":\"ReadAction\",\"target\":[\"https:\/\/porschecenterbh.com.br\/blog\/2026\/08\/07\/porsche-panamera-turbo-e-hybrid-o-fim-da-ansiedade-de-autonomia\/\"]}]},{\"@type\":\"BreadcrumbList\",\"@id\":\"https:\/\/porschecenterbh.com.br\/blog\/2026\/08\/07\/porsche-panamera-turbo-e-hybrid-o-fim-da-ansiedade-de-autonomia\/#breadcrumb\",\"itemListElement\":[{\"@type\":\"ListItem\",\"position\":1,\"name\":\"In\u00edcio\",\"item\":\"https:\/\/porschecenterbh.com.br\/blog\/\"},{\"@type\":\"ListItem\",\"position\":2,\"name\":\"Porsche Panamera Turbo E-Hybrid: o fim da \u201cansiedade de autonomia\u201d\"}]},{\"@type\":\"WebSite\",\"@id\":\"https:\/\/porschecenterbh.com.br\/blog\/#website\",\"url\":\"https:\/\/porschecenterbh.com.br\/blog\/\",\"name\":\"Blog Porsche Center BH\",\"description\":\"\",\"publisher\":{\"@id\":\"https:\/\/porschecenterbh.com.br\/blog\/#organization\"},\"potentialAction\":[{\"@type\":\"SearchAction\",\"target\":{\"@type\":\"EntryPoint\",\"urlTemplate\":\"https:\/\/porschecenterbh.com.br\/blog\/?s={search_term_string}\"},\"query-input\":\"required name=search_term_string\"}],\"inLanguage\":\"pt-BR\"},{\"@type\":\"Organization\",\"@id\":\"https:\/\/porschecenterbh.com.br\/blog\/#organization\",\"name\":\"Blog Porsche Center BH\",\"url\":\"https:\/\/porschecenterbh.com.br\/blog\/\",\"logo\":{\"@type\":\"ImageObject\",\"inLanguage\":\"pt-BR\",\"@id\":\"https:\/\/porschecenterbh.com.br\/blog\/#\/schema\/logo\/image\/\",\"url\":\"https:\/\/porschecenterbh.com.br\/blog\/wp-content\/uploads\/2023\/06\/cropped-Logo-4cores-11cm_02-1.png\",\"contentUrl\":\"https:\/\/porschecenterbh.com.br\/blog\/wp-content\/uploads\/2023\/06\/cropped-Logo-4cores-11cm_02-1.png\",\"width\":153,\"height\":49,\"caption\":\"Blog Porsche Center BH\"},\"image\":{\"@id\":\"https:\/\/porschecenterbh.com.br\/blog\/#\/schema\/logo\/image\/\"}},{\"@type\":\"Person\",\"@id\":\"https:\/\/porschecenterbh.com.br\/blog\/#\/schema\/person\/1acd7c6b8a33e455afc0cf9e8821fd33\",\"name\":\"Duo Studio\",\"image\":{\"@type\":\"ImageObject\",\"inLanguage\":\"pt-BR\",\"@id\":\"https:\/\/porschecenterbh.com.br\/blog\/#\/schema\/person\/image\/\",\"url\":\"https:\/\/secure.gravatar.com\/avatar\/2a5c5d0780c5d9366778d5ac89f5639d350b8d4db1307826f6563a361381f856?s=96&d=mm&r=g\",\"contentUrl\":\"https:\/\/secure.gravatar.com\/avatar\/2a5c5d0780c5d9366778d5ac89f5639d350b8d4db1307826f6563a361381f856?s=96&d=mm&r=g\",\"caption\":\"Duo Studio\"},\"url\":\"https:\/\/porschecenterbh.com.br\/blog\/author\/duo-studio\/\"}]}<\/script>\n<!-- \/ Yoast SEO plugin. -->","yoast_head_json":{"title":"Porsche Panamera Turbo E-Hybrid: o fim da \u201cansiedade de autonomia\u201d - Blog Porsche Center BH","description":"Esque\u00e7a as limita\u00e7\u00f5es de recarga. O Panamera E-Hybrid combina intelig\u00eancia urbana e o motor V8 Turbo para viagens longas e sem paradas planejadas.","robots":{"index":"index","follow":"follow","max-snippet":"max-snippet:-1","max-image-preview":"max-image-preview:large","max-video-preview":"max-video-preview:-1"},"canonical":"https:\/\/porschecenterbh.com.br\/blog\/2026\/08\/07\/porsche-panamera-turbo-e-hybrid-o-fim-da-ansiedade-de-autonomia\/","og_locale":"pt_BR","og_type":"article","og_title":"Porsche Panamera Turbo E-Hybrid: o fim da \u201cansiedade de autonomia\u201d - Blog Porsche Center BH","og_description":"Esque\u00e7a as limita\u00e7\u00f5es de recarga. O Panamera E-Hybrid combina intelig\u00eancia urbana e o motor V8 Turbo para viagens longas e sem paradas planejadas.","og_url":"https:\/\/porschecenterbh.com.br\/blog\/2026\/08\/07\/porsche-panamera-turbo-e-hybrid-o-fim-da-ansiedade-de-autonomia\/","og_site_name":"Blog Porsche Center BH","article_published_time":"2026-08-07T01:28:11+00:00","og_image":[{"width":1920,"height":1080,"url":"https:\/\/porschecenterbh.com.br\/blog\/wp-content\/uploads\/2026\/08\/Capa-blog-Panamera-Turbo-E-Hybrid.png","type":"image\/png"}],"author":"Duo Studio","twitter_card":"summary_large_image","twitter_misc":{"Escrito por":"Duo Studio","Est. tempo de leitura":"3 minutos"},"schema":{"@context":"https:\/\/schema.org","@graph":[{"@type":"Article","@id":"https:\/\/porschecenterbh.com.br\/blog\/2026\/08\/07\/porsche-panamera-turbo-e-hybrid-o-fim-da-ansiedade-de-autonomia\/#article","isPartOf":{"@id":"https:\/\/porschecenterbh.com.br\/blog\/2026\/08\/07\/porsche-panamera-turbo-e-hybrid-o-fim-da-ansiedade-de-autonomia\/"},"author":{"name":"Duo Studio","@id":"https:\/\/porschecenterbh.com.br\/blog\/#\/schema\/person\/1acd7c6b8a33e455afc0cf9e8821fd33"},"headline":"Porsche Panamera Turbo E-Hybrid: o fim da \u201cansiedade de autonomia\u201d","datePublished":"2026-08-07T01:28:11+00:00","dateModified":"2026-08-07T01:28:11+00:00","mainEntityOfPage":{"@id":"https:\/\/porschecenterbh.com.br\/blog\/2026\/08\/07\/porsche-panamera-turbo-e-hybrid-o-fim-da-ansiedade-de-autonomia\/"},"wordCount":547,"commentCount":1,"publisher":{"@id":"https:\/\/porschecenterbh.com.br\/blog\/#organization"},"keywords":["Panamera"],"articleSection":["Blog"],"inLanguage":"pt-BR","potentialAction":[{"@type":"CommentAction","name":"Comment","target":["https:\/\/porschecenterbh.com.br\/blog\/2026\/08\/07\/porsche-panamera-turbo-e-hybrid-o-fim-da-ansiedade-de-autonomia\/#respond"]}]},{"@type":"WebPage","@id":"https:\/\/porschecenterbh.com.br\/blog\/2026\/08\/07\/porsche-panamera-turbo-e-hybrid-o-fim-da-ansiedade-de-autonomia\/","url":"https:\/\/porschecenterbh.com.br\/blog\/2026\/08\/07\/porsche-panamera-turbo-e-hybrid-o-fim-da-ansiedade-de-autonomia\/","name":"Porsche Panamera Turbo E-Hybrid: o fim da \u201cansiedade de autonomia\u201d - Blog Porsche Center BH","isPartOf":{"@id":"https:\/\/porschecenterbh.com.br\/blog\/#website"},"datePublished":"2026-08-07T01:28:11+00:00","dateModified":"2026-08-07T01:28:11+00:00","description":"Esque\u00e7a as limita\u00e7\u00f5es de recarga. O Panamera E-Hybrid combina intelig\u00eancia urbana e o motor V8 Turbo para viagens longas e sem paradas planejadas.","breadcrumb":{"@id":"https:\/\/porschecenterbh.com.br\/blog\/2026\/08\/07\/porsche-panamera-turbo-e-hybrid-o-fim-da-ansiedade-de-autonomia\/#breadcrumb"},"inLanguage":"pt-BR","potentialAction":[{"@type":"ReadAction","target":["https:\/\/porschecenterbh.com.br\/blog\/2026\/08\/07\/porsche-panamera-turbo-e-hybrid-o-fim-da-ansiedade-de-autonomia\/"]}]},{"@type":"BreadcrumbList","@id":"https:\/\/porschecenterbh.com.br\/blog\/2026\/08\/07\/porsche-panamera-turbo-e-hybrid-o-fim-da-ansiedade-de-autonomia\/#breadcrumb","itemListElement":[{"@type":"ListItem","position":1,"name":"In\u00edcio","item":"https:\/\/porschecenterbh.com.br\/blog\/"},{"@type":"ListItem","position":2,"name":"Porsche Panamera Turbo E-Hybrid: o fim da \u201cansiedade de autonomia\u201d"}]},{"@type":"WebSite","@id":"https:\/\/porschecenterbh.com.br\/blog\/#website","url":"https:\/\/porschecenterbh.com.br\/blog\/","name":"Blog Porsche Center BH","description":"","publisher":{"@id":"https:\/\/porschecenterbh.com.br\/blog\/#organization"},"potentialAction":[{"@type":"SearchAction","target":{"@type":"EntryPoint","urlTemplate":"https:\/\/porschecenterbh.com.br\/blog\/?s={search_term_string}"},"query-input":"required name=search_term_string"}],"inLanguage":"pt-BR"},{"@type":"Organization","@id":"https:\/\/porschecenterbh.com.br\/blog\/#organization","name":"Blog Porsche Center BH","url":"https:\/\/porschecenterbh.com.br\/blog\/","logo":{"@type":"ImageObject","inLanguage":"pt-BR","@id":"https:\/\/porschecenterbh.com.br\/blog\/#\/schema\/logo\/image\/","url":"https:\/\/porschecenterbh.com.br\/blog\/wp-content\/uploads\/2023\/06\/cropped-Logo-4cores-11cm_02-1.png","contentUrl":"https:\/\/porschecenterbh.com.br\/blog\/wp-content\/uploads\/2023\/06\/cropped-Logo-4cores-11cm_02-1.png","width":153,"height":49,"caption":"Blog Porsche Center BH"},"image":{"@id":"https:\/\/porschecenterbh.com.br\/blog\/#\/schema\/logo\/image\/"}},{"@type":"Person","@id":"https:\/\/porschecenterbh.com.br\/blog\/#\/schema\/person\/1acd7c6b8a33e455afc0cf9e8821fd33","name":"Duo Studio","image":{"@type":"ImageObject","inLanguage":"pt-BR","@id":"https:\/\/porschecenterbh.com.br\/blog\/#\/schema\/person\/image\/","url":"https:\/\/secure.gravatar.com\/avatar\/2a5c5d0780c5d9366778d5ac89f5639d350b8d4db1307826f6563a361381f856?s=96&d=mm&r=g","contentUrl":"https:\/\/secure.gravatar.com\/avatar\/2a5c5d0780c5d9366778d5ac89f5639d350b8d4db1307826f6563a361381f856?s=96&d=mm&r=g","caption":"Duo Studio"},"url":"https:\/\/porschecenterbh.com.br\/blog\/author\/duo-studio\/"}]}},"_links":{"self":[{"href":"https:\/\/porschecenterbh.com.br\/blog\/wp-json\/wp\/v2\/posts\/526","targetHints":{"allow":["GET"]}}],"collection":[{"href":"https:\/\/porschecenterbh.com.br\/blog\/wp-json\/wp\/v2\/posts"}],"about":[{"href":"https:\/\/porschecenterbh.com.br\/blog\/wp-json\/wp\/v2\/types\/post"}],"author":[{"embeddable":true,"href":"https:\/\/porschecenterbh.com.br\/blog\/wp-json\/wp\/v2\/users\/7"}],"replies":[{"embeddable":true,"href":"https:\/\/porschecenterbh.com.br\/blog\/wp-json\/wp\/v2\/comments?post=526"}],"version-history":[{"count":2,"href":"https:\/\/porschecenterbh.com.br\/blog\/wp-json\/wp\/v2\/posts\/526\/revisions"}],"predecessor-version":[{"id":529,"href":"https:\/\/porschecenterbh.com.br\/blog\/wp-json\/wp\/v2\/posts\/526\/revisions\/529"}],"wp:featuredmedia":[{"embeddable":true,"href":"https:\/\/porschecenterbh.com.br\/blog\/wp-json\/wp\/v2\/media\/527"}],"wp:attachment":[{"href":"https:\/\/porschecenterbh.com.br\/blog\/wp-json\/wp\/v2\/media?parent=526"}],"wp:term":[{"taxonomy":"category","embeddable":true,"href":"https:\/\/porschecenterbh.com.br\/blog\/wp-json\/wp\/v2\/categories?post=526"},{"taxonomy":"post_tag","embeddable":true,"href":"https:\/\/porschecenterbh.com.br\/blog\/wp-json\/wp\/v2\/tags?post=526"}],"curies":[{"name":"wp","href":"https:\/\/api.w.org\/{rel}","templated":true}]}}