{"id":400,"date":"2025-03-31T17:06:41","date_gmt":"2025-03-31T17:06:41","guid":{"rendered":"https:\/\/porschecenterbh.com.br\/blog\/?p=400"},"modified":"2025-03-31T17:06:41","modified_gmt":"2025-03-31T17:06:41","slug":"porsche-911-uma-combinacao-perfeita","status":"publish","type":"post","link":"https:\/\/porschecenterbh.com.br\/blog\/2025\/03\/31\/porsche-911-uma-combinacao-perfeita\/","title":{"rendered":"Voc\u00ea e o Porsche 911: uma combina\u00e7\u00e3o perfeita"},"content":{"rendered":"<p><span style=\"font-weight: 400;\">Se existe um carro que transcende o tempo e a tecnologia, \u00e9 o Porsche 911. Desde seu lan\u00e7amento, em 1963, ele conquistou o cora\u00e7\u00e3o de entusiastas e pilotos ao redor do mundo, tornando-se sin\u00f4nimo de sofistica\u00e7\u00e3o e desempenho.\u00a0<\/span><\/p>\n<p><span style=\"font-weight: 400;\">Mais do que um simples autom\u00f3vel, ele \u00e9 uma experi\u00eancia, um estilo de vida. Cada curva de sua carroceria, ronco de seu motor e detalhe do acabamento foram pensados para proporcionar uma conex\u00e3o \u00fanica entre o condutor e a m\u00e1quina.\u00a0<\/span><\/p>\n<p><span style=\"font-weight: 400;\">Para quem busca um modelo esportivo que une design atemporal e conectividade, n\u00e3o h\u00e1 d\u00favidas: o Porsche 911 \u00e9 ideal. Continue a leitura e veja os detalhes deste ve\u00edculo que encanta gera\u00e7\u00f5es.\u00a0<\/span><\/p>\n<h2><b>Um \u00edcone em constante evolu\u00e7\u00e3o<\/b><\/h2>\n<p><span style=\"font-weight: 400;\">O Porsche 911 foi apresentado ao mundo no Sal\u00e3o de Frankfurt em 1963 como o sucessor do Porsche 356. Seu design revolucion\u00e1rio e motor traseiro arrefecido a ar marcaram uma nova era para a montadora.\u00a0<\/span><\/p>\n<p><span style=\"font-weight: 400;\">Ao longo das d\u00e9cadas, ele passou por diversas gera\u00e7\u00f5es, sempre mantendo sua identidade e aprimorando a performance. Entre os marcos hist\u00f3ricos do 911, destacam-se:<\/span><\/p>\n<ul>\n<li style=\"font-weight: 400;\" aria-level=\"1\"><b>1964 \u2013 Primeira gera\u00e7\u00e3o:<\/b><span style=\"font-weight: 400;\"> o original chega ao mercado com motor seis cilindros boxer e um visual que se tornaria atemporal.<\/span><\/li>\n<li style=\"font-weight: 400;\" aria-level=\"1\"><b>1973 \u2013 911 Carrera RS 2.7:<\/b><span style=\"font-weight: 400;\"> primeiro a trazer o ic\u00f4nico aerof\u00f3lio traseiro \u201cducktail\u201d, um marco na agilidade.<\/span><\/li>\n<li style=\"font-weight: 400;\" aria-level=\"1\"><b>1989 \u2013 Introdu\u00e7\u00e3o da transmiss\u00e3o Tiptronic:<\/b><span style=\"font-weight: 400;\"> revolu\u00e7\u00e3o na dirigibilidade e conforto.<\/span><\/li>\n<li style=\"font-weight: 400;\" aria-level=\"1\"><b>1999 \u2013 911 (996):<\/b><span style=\"font-weight: 400;\"> primeira grande reformula\u00e7\u00e3o do modelo, trazendo como caracter\u00edstica principal o arrefecimento \u00e0 \u00e1gua.<\/span><\/li>\n<li style=\"font-weight: 400;\" aria-level=\"1\"><b>2011 \u2013 911 (991):<\/b><span style=\"font-weight: 400;\"> introdu\u00e7\u00e3o da dire\u00e7\u00e3o eletromec\u00e2nica e aerodin\u00e2mica ativa.<\/span><\/li>\n<li style=\"font-weight: 400;\" aria-level=\"1\"><b>2024 \u2013 Atual gera\u00e7\u00e3o:<\/b><span style=\"font-weight: 400;\"> mant\u00e9m sua ess\u00eancia, mas incorpora tecnologia de ponta para proporcionar ainda mais for\u00e7a e seguran\u00e7a.<\/span><\/li>\n<\/ul>\n<p><span style=\"font-weight: 400;\">A cada nova vers\u00e3o, a Porsche reafirma seu compromisso com a excel\u00eancia, garantindo que o 911 continue sendo refer\u00eancia no mercado de carros esportivos.<\/span><\/p>\n<h2><b>Veja os diferenciais do Porsche 911<\/b><\/h2>\n<p><span style=\"font-weight: 400;\">Esse ve\u00edculo \u00e9 a perfeita fus\u00e3o entre tradi\u00e7\u00e3o e modernidade. Aqui est\u00e3o alguns dos principais diferenciais que fazem do 911 uma lenda:<\/span><\/p>\n<h3><span style=\"font-weight: 400;\">1. Desempenho<\/span><\/h3>\n<ul>\n<li style=\"font-weight: 400;\" aria-level=\"1\"><span style=\"font-weight: 400;\">Motor boxer de seis cilindros, proporcionando um centro de gravidade mais baixo e melhor distribui\u00e7\u00e3o de peso;<\/span><\/li>\n<li style=\"font-weight: 400;\" aria-level=\"1\"><span style=\"font-weight: 400;\">Pot\u00eancia que varia de 385 cv no modelo Carrera at\u00e9 650 cv no Turbo S;<\/span><\/li>\n<li style=\"font-weight: 400;\" aria-level=\"1\"><span style=\"font-weight: 400;\">Acelera\u00e7\u00e3o impressionante: o 911 Turbo S vai de 0 a 100 km\/h em apenas 2,7 segundos.<\/span><\/li>\n<\/ul>\n<h3><span style=\"font-weight: 400;\">2. Aerodin\u00e2mica inteligente<\/span><\/h3>\n<ul>\n<li style=\"font-weight: 400;\" aria-level=\"1\"><span style=\"font-weight: 400;\">Flaps de resfriamento ativos que otimizam o fluxo de ar e d\u00e3o maior efici\u00eancia e estabilidade;<\/span><\/li>\n<li style=\"font-weight: 400;\" aria-level=\"1\"><span style=\"font-weight: 400;\">Spoilers m\u00f3veis que se ajustam automaticamente para maximizar o downforce;<\/span><\/li>\n<li style=\"font-weight: 400;\" aria-level=\"1\"><span style=\"font-weight: 400;\">Estrutura em alum\u00ednio e materiais leves leva a uma melhor performance.<\/span><\/li>\n<\/ul>\n<h3><span style=\"font-weight: 400;\">3. Transmiss\u00e3o e dirigibilidade<\/span><\/h3>\n<ul>\n<li style=\"font-weight: 400;\" aria-level=\"1\"><span style=\"font-weight: 400;\">C\u00e2mbio PDK de 8 marchas para trocas ultrarr\u00e1pidas e precisas;<\/span><\/li>\n<li style=\"font-weight: 400;\" aria-level=\"1\"><span style=\"font-weight: 400;\">Tra\u00e7\u00e3o integral opcional, garantindo ader\u00eancia excepcional em qualquer terreno;<\/span><\/li>\n<li style=\"font-weight: 400;\" aria-level=\"1\"><span style=\"font-weight: 400;\">A dire\u00e7\u00e3o eletromec\u00e2nica proporciona uma experi\u00eancia de condu\u00e7\u00e3o mais din\u00e2mica.<\/span><\/li>\n<\/ul>\n<h3><span style=\"font-weight: 400;\">4. Tecnologia e conectividade<\/span><\/h3>\n<ul>\n<li style=\"font-weight: 400;\" aria-level=\"1\"><span style=\"font-weight: 400;\">Cockpit digital intuitivo com tela touchscreen de alta resolu\u00e7\u00e3o;<\/span><\/li>\n<li style=\"font-weight: 400;\" aria-level=\"1\"><span style=\"font-weight: 400;\">Compatibilidade com Apple CarPlay e Android Auto;<\/span><\/li>\n<li style=\"font-weight: 400;\" aria-level=\"1\"><span style=\"font-weight: 400;\">Sistema Porsche InnoDrive com piloto autom\u00e1tico adaptativo e assistente de manuten\u00e7\u00e3o de faixa.<\/span><\/li>\n<\/ul>\n<h3><span style=\"font-weight: 400;\">5. Personaliza\u00e7\u00e3o exclusiva<\/span><\/h3>\n<ul>\n<li style=\"font-weight: 400;\" aria-level=\"1\"><span style=\"font-weight: 400;\">Op\u00e7\u00f5es de acabamento premium com materiais nobres, como couro, fibra de carbono e Alcantara;<\/span><\/li>\n<li style=\"font-weight: 400;\" aria-level=\"1\"><span style=\"font-weight: 400;\">Variedade de cores e detalhes customiz\u00e1veis para um 911 \u00fanico;<\/span><\/li>\n<li style=\"font-weight: 400;\" aria-level=\"1\"><span style=\"font-weight: 400;\">Pacotes de personaliza\u00e7\u00e3o exclusivos oferecidos pelo Porsche Exclusive Manufaktur.<\/span><\/li>\n<\/ul>\n<p><span style=\"font-weight: 400;\">Tudo foi pensado para proporcionar uma experi\u00eancia \u00fanica ao volante, fazendo com que o Porsche 911 seja t\u00e3o prazeroso de dirigir quanto de admirar.<\/span><\/p>\n<h2><b>Como o Porsche 911 se adapta ao seu estilo de vida?<\/b><\/h2>\n<p><span style=\"font-weight: 400;\">Seu design vers\u00e1til e inova\u00e7\u00f5es permitem que esse carro seja utilizado tanto para momentos de adrenalina na pista quanto em passeios urbanos cheios de eleg\u00e2ncia.<\/span><\/p>\n<p><span style=\"font-weight: 400;\">Independentemente do seu estilo, existe um 911 para voc\u00ea. Se quer conforto e sofistica\u00e7\u00e3o, o Carrera ser\u00e1 ideal. J\u00e1 os apaixonados por velocidade extrema podem se encantar com vers\u00f5es como o 911 Turbo S e o GT3.\u00a0<\/span><\/p>\n<h3><b>Modelos e personaliza\u00e7\u00f5es exclusivas<\/b><\/h3>\n<p><span style=\"font-weight: 400;\">A linha Porsche 911 conta com diversas vers\u00f5es, cada uma com caracter\u00edsticas \u00fanicas. Entre os principais est\u00e3o:<\/span><\/p>\n<ul>\n<li style=\"font-weight: 400;\" aria-level=\"1\"><b>911 Carrera<\/b><span style=\"font-weight: 400;\">: equil\u00edbrio entre desempenho e conforto, perfeito para o uso di\u00e1rio.<\/span><\/li>\n<li style=\"font-weight: 400;\" aria-level=\"1\"><b>911 Carrera S<\/b><span style=\"font-weight: 400;\">: mais pot\u00eancia e esportividade para emo\u00e7\u00f5es fortes.<\/span><\/li>\n<li style=\"font-weight: 400;\" aria-level=\"1\"><b>911 Turbo e Turbo S<\/b><span style=\"font-weight: 400;\">: pot\u00eancia extrema e tecnologia de ponta.<\/span><\/li>\n<li style=\"font-weight: 400;\" aria-level=\"1\"><b>911 GT3<\/b><span style=\"font-weight: 400;\">: DNA de pista com aerodin\u00e2mica agressiva.<\/span><\/li>\n<li style=\"font-weight: 400;\" aria-level=\"1\"><b>911 Targa<\/b><span style=\"font-weight: 400;\">: charme cl\u00e1ssico com teto remov\u00edvel e eleg\u00e2ncia atemporal.<\/span><\/li>\n<\/ul>\n<p><span style=\"font-weight: 400;\">A Porsche tamb\u00e9m oferece diversas op\u00e7\u00f5es de customiza\u00e7\u00e3o, desde cores exclusivas at\u00e9 detalhes internos personalizados. O objetivo \u00e9 garantir que todo 911 seja \u00fanico, assim como seu propriet\u00e1rio.<\/span><\/p>\n<h2><b>Conhe\u00e7a de perto essa lenda<\/b><\/h2>\n<p><span style=\"font-weight: 400;\">Nada se compara \u00e0 experi\u00eancia de ver, tocar e dirigir um Porsche 911. Visite uma de nossas lojas e conhe\u00e7a de perto todos os detalhes desse \u00edcone da engenharia automotiva.\u00a0<\/span><\/p>\n<p><span style=\"font-weight: 400;\">Aproveite para tomar um caf\u00e9 e conversar com nossos especialistas sobre qual modelo se encaixa melhor no seu perfil.<\/span><\/p>\n","protected":false},"excerpt":{"rendered":"<p class=\"qua-blog-post-description\">Se existe um carro que transcende o tempo e a tecnologia, \u00e9 o Porsche 911. Desde seu lan\u00e7amento, em 1963, ele conquistou o cora\u00e7\u00e3o de entusiastas e pilotos ao redor do mundo, tornando-se sin\u00f4nimo de sofistica\u00e7\u00e3o e desempenho.\u00a0 Mais do que um simples autom\u00f3vel, ele \u00e9 uma experi\u00eancia, um estilo de vida. Cada curva de<\/p>\n<p class=\"qua-blog-post-description\"><a href=\"https:\/\/porschecenterbh.com.br\/blog\/2025\/03\/31\/porsche-911-uma-combinacao-perfeita\/#more-400\" class=\"more-link\">Ler mais<\/a><\/p>\n","protected":false},"author":7,"featured_media":401,"comment_status":"open","ping_status":"open","sticky":false,"template":"","format":"standard","meta":{"footnotes":""},"categories":[18],"tags":[],"class_list":["post-400","post","type-post","status-publish","format-standard","has-post-thumbnail","hentry","category-blog"],"yoast_head":"<!-- This site is optimized with the Yoast SEO plugin v20.5 - https:\/\/yoast.com\/wordpress\/plugins\/seo\/ -->\n<title>Voc\u00ea e o Porsche 911: uma combina\u00e7\u00e3o perfeita - Blog Porsche Center BH<\/title>\n<meta name=\"description\" content=\"Conhe\u00e7a a hist\u00f3ria e todos os detalhes do lend\u00e1rio Porsche 911, o ve\u00edculo que combina tradi\u00e7\u00e3o, tecnologia e pot\u00eancia de uma maneira \u00fanica.\" \/>\n<meta name=\"robots\" content=\"index, follow, max-snippet:-1, max-image-preview:large, max-video-preview:-1\" \/>\n<link rel=\"canonical\" href=\"https:\/\/porschecenterbh.com.br\/blog\/2025\/03\/31\/porsche-911-uma-combinacao-perfeita\/\" \/>\n<meta property=\"og:locale\" content=\"pt_BR\" \/>\n<meta property=\"og:type\" content=\"article\" \/>\n<meta property=\"og:title\" content=\"Voc\u00ea e o Porsche 911: uma combina\u00e7\u00e3o perfeita - Blog Porsche Center BH\" \/>\n<meta property=\"og:description\" content=\"Conhe\u00e7a a hist\u00f3ria e todos os detalhes do lend\u00e1rio Porsche 911, o ve\u00edculo que combina tradi\u00e7\u00e3o, tecnologia e pot\u00eancia de uma maneira \u00fanica.\" \/>\n<meta property=\"og:url\" content=\"https:\/\/porschecenterbh.com.br\/blog\/2025\/03\/31\/porsche-911-uma-combinacao-perfeita\/\" \/>\n<meta property=\"og:site_name\" content=\"Blog Porsche Center BH\" \/>\n<meta property=\"article:published_time\" content=\"2025-03-31T17:06:41+00:00\" \/>\n<meta property=\"og:image\" content=\"https:\/\/porschecenterbh.com.br\/blog\/wp-content\/uploads\/2025\/03\/capa-blog-23.png\" \/>\n\t<meta property=\"og:image:width\" content=\"1024\" \/>\n\t<meta property=\"og:image:height\" content=\"576\" \/>\n\t<meta property=\"og:image:type\" content=\"image\/png\" \/>\n<meta name=\"author\" content=\"Duo Studio\" \/>\n<meta name=\"twitter:card\" content=\"summary_large_image\" \/>\n<meta name=\"twitter:label1\" content=\"Escrito por\" \/>\n\t<meta name=\"twitter:data1\" content=\"Duo Studio\" \/>\n\t<meta name=\"twitter:label2\" content=\"Est. tempo de leitura\" \/>\n\t<meta name=\"twitter:data2\" content=\"5 minutos\" \/>\n<script type=\"application\/ld+json\" class=\"yoast-schema-graph\">{\"@context\":\"https:\/\/schema.org\",\"@graph\":[{\"@type\":\"Article\",\"@id\":\"https:\/\/porschecenterbh.com.br\/blog\/2025\/03\/31\/porsche-911-uma-combinacao-perfeita\/#article\",\"isPartOf\":{\"@id\":\"https:\/\/porschecenterbh.com.br\/blog\/2025\/03\/31\/porsche-911-uma-combinacao-perfeita\/\"},\"author\":{\"name\":\"Duo Studio\",\"@id\":\"https:\/\/porschecenterbh.com.br\/blog\/#\/schema\/person\/138434cb83c58b1bd5bf0d4afbd0eddc\"},\"headline\":\"Voc\u00ea e o Porsche 911: uma combina\u00e7\u00e3o perfeita\",\"datePublished\":\"2025-03-31T17:06:41+00:00\",\"dateModified\":\"2025-03-31T17:06:41+00:00\",\"mainEntityOfPage\":{\"@id\":\"https:\/\/porschecenterbh.com.br\/blog\/2025\/03\/31\/porsche-911-uma-combinacao-perfeita\/\"},\"wordCount\":809,\"commentCount\":0,\"publisher\":{\"@id\":\"https:\/\/porschecenterbh.com.br\/blog\/#organization\"},\"articleSection\":[\"Blog\"],\"inLanguage\":\"pt-BR\",\"potentialAction\":[{\"@type\":\"CommentAction\",\"name\":\"Comment\",\"target\":[\"https:\/\/porschecenterbh.com.br\/blog\/2025\/03\/31\/porsche-911-uma-combinacao-perfeita\/#respond\"]}]},{\"@type\":\"WebPage\",\"@id\":\"https:\/\/porschecenterbh.com.br\/blog\/2025\/03\/31\/porsche-911-uma-combinacao-perfeita\/\",\"url\":\"https:\/\/porschecenterbh.com.br\/blog\/2025\/03\/31\/porsche-911-uma-combinacao-perfeita\/\",\"name\":\"Voc\u00ea e o Porsche 911: uma combina\u00e7\u00e3o perfeita - Blog Porsche Center BH\",\"isPartOf\":{\"@id\":\"https:\/\/porschecenterbh.com.br\/blog\/#website\"},\"datePublished\":\"2025-03-31T17:06:41+00:00\",\"dateModified\":\"2025-03-31T17:06:41+00:00\",\"description\":\"Conhe\u00e7a a hist\u00f3ria e todos os detalhes do lend\u00e1rio Porsche 911, o ve\u00edculo que combina tradi\u00e7\u00e3o, tecnologia e pot\u00eancia de uma maneira \u00fanica.\",\"breadcrumb\":{\"@id\":\"https:\/\/porschecenterbh.com.br\/blog\/2025\/03\/31\/porsche-911-uma-combinacao-perfeita\/#breadcrumb\"},\"inLanguage\":\"pt-BR\",\"potentialAction\":[{\"@type\":\"ReadAction\",\"target\":[\"https:\/\/porschecenterbh.com.br\/blog\/2025\/03\/31\/porsche-911-uma-combinacao-perfeita\/\"]}]},{\"@type\":\"BreadcrumbList\",\"@id\":\"https:\/\/porschecenterbh.com.br\/blog\/2025\/03\/31\/porsche-911-uma-combinacao-perfeita\/#breadcrumb\",\"itemListElement\":[{\"@type\":\"ListItem\",\"position\":1,\"name\":\"In\u00edcio\",\"item\":\"https:\/\/porschecenterbh.com.br\/blog\/\"},{\"@type\":\"ListItem\",\"position\":2,\"name\":\"Voc\u00ea e o Porsche 911: uma combina\u00e7\u00e3o perfeita\"}]},{\"@type\":\"WebSite\",\"@id\":\"https:\/\/porschecenterbh.com.br\/blog\/#website\",\"url\":\"https:\/\/porschecenterbh.com.br\/blog\/\",\"name\":\"Blog Porsche Center BH\",\"description\":\"\",\"publisher\":{\"@id\":\"https:\/\/porschecenterbh.com.br\/blog\/#organization\"},\"potentialAction\":[{\"@type\":\"SearchAction\",\"target\":{\"@type\":\"EntryPoint\",\"urlTemplate\":\"https:\/\/porschecenterbh.com.br\/blog\/?s={search_term_string}\"},\"query-input\":\"required name=search_term_string\"}],\"inLanguage\":\"pt-BR\"},{\"@type\":\"Organization\",\"@id\":\"https:\/\/porschecenterbh.com.br\/blog\/#organization\",\"name\":\"Blog Porsche Center BH\",\"url\":\"https:\/\/porschecenterbh.com.br\/blog\/\",\"logo\":{\"@type\":\"ImageObject\",\"inLanguage\":\"pt-BR\",\"@id\":\"https:\/\/porschecenterbh.com.br\/blog\/#\/schema\/logo\/image\/\",\"url\":\"https:\/\/porschecenterbh.com.br\/blog\/wp-content\/uploads\/2023\/06\/cropped-Logo-4cores-11cm_02-1.png\",\"contentUrl\":\"https:\/\/porschecenterbh.com.br\/blog\/wp-content\/uploads\/2023\/06\/cropped-Logo-4cores-11cm_02-1.png\",\"width\":153,\"height\":49,\"caption\":\"Blog Porsche Center BH\"},\"image\":{\"@id\":\"https:\/\/porschecenterbh.com.br\/blog\/#\/schema\/logo\/image\/\"}},{\"@type\":\"Person\",\"@id\":\"https:\/\/porschecenterbh.com.br\/blog\/#\/schema\/person\/138434cb83c58b1bd5bf0d4afbd0eddc\",\"name\":\"Duo Studio\",\"image\":{\"@type\":\"ImageObject\",\"inLanguage\":\"pt-BR\",\"@id\":\"https:\/\/porschecenterbh.com.br\/blog\/#\/schema\/person\/image\/\",\"url\":\"https:\/\/secure.gravatar.com\/avatar\/25466359867b917a48ab564f69fcf877?s=96&d=mm&r=g\",\"contentUrl\":\"https:\/\/secure.gravatar.com\/avatar\/25466359867b917a48ab564f69fcf877?s=96&d=mm&r=g\",\"caption\":\"Duo Studio\"},\"url\":\"https:\/\/porschecenterbh.com.br\/blog\/author\/duo-studio\/\"}]}<\/script>\n<!-- \/ Yoast SEO plugin. -->","yoast_head_json":{"title":"Voc\u00ea e o Porsche 911: uma combina\u00e7\u00e3o perfeita - Blog Porsche Center BH","description":"Conhe\u00e7a a hist\u00f3ria e todos os detalhes do lend\u00e1rio Porsche 911, o ve\u00edculo que combina tradi\u00e7\u00e3o, tecnologia e pot\u00eancia de uma maneira \u00fanica.","robots":{"index":"index","follow":"follow","max-snippet":"max-snippet:-1","max-image-preview":"max-image-preview:large","max-video-preview":"max-video-preview:-1"},"canonical":"https:\/\/porschecenterbh.com.br\/blog\/2025\/03\/31\/porsche-911-uma-combinacao-perfeita\/","og_locale":"pt_BR","og_type":"article","og_title":"Voc\u00ea e o Porsche 911: uma combina\u00e7\u00e3o perfeita - Blog Porsche Center BH","og_description":"Conhe\u00e7a a hist\u00f3ria e todos os detalhes do lend\u00e1rio Porsche 911, o ve\u00edculo que combina tradi\u00e7\u00e3o, tecnologia e pot\u00eancia de uma maneira \u00fanica.","og_url":"https:\/\/porschecenterbh.com.br\/blog\/2025\/03\/31\/porsche-911-uma-combinacao-perfeita\/","og_site_name":"Blog Porsche Center BH","article_published_time":"2025-03-31T17:06:41+00:00","og_image":[{"url":"https:\/\/porschecenterbh.com.br\/blog\/wp-content\/uploads\/2025\/03\/capa-blog-23.png","width":1024,"height":576,"type":"image\/png"}],"author":"Duo Studio","twitter_card":"summary_large_image","twitter_misc":{"Escrito por":"Duo Studio","Est. tempo de leitura":"5 minutos"},"schema":{"@context":"https:\/\/schema.org","@graph":[{"@type":"Article","@id":"https:\/\/porschecenterbh.com.br\/blog\/2025\/03\/31\/porsche-911-uma-combinacao-perfeita\/#article","isPartOf":{"@id":"https:\/\/porschecenterbh.com.br\/blog\/2025\/03\/31\/porsche-911-uma-combinacao-perfeita\/"},"author":{"name":"Duo Studio","@id":"https:\/\/porschecenterbh.com.br\/blog\/#\/schema\/person\/138434cb83c58b1bd5bf0d4afbd0eddc"},"headline":"Voc\u00ea e o Porsche 911: uma combina\u00e7\u00e3o perfeita","datePublished":"2025-03-31T17:06:41+00:00","dateModified":"2025-03-31T17:06:41+00:00","mainEntityOfPage":{"@id":"https:\/\/porschecenterbh.com.br\/blog\/2025\/03\/31\/porsche-911-uma-combinacao-perfeita\/"},"wordCount":809,"commentCount":0,"publisher":{"@id":"https:\/\/porschecenterbh.com.br\/blog\/#organization"},"articleSection":["Blog"],"inLanguage":"pt-BR","potentialAction":[{"@type":"CommentAction","name":"Comment","target":["https:\/\/porschecenterbh.com.br\/blog\/2025\/03\/31\/porsche-911-uma-combinacao-perfeita\/#respond"]}]},{"@type":"WebPage","@id":"https:\/\/porschecenterbh.com.br\/blog\/2025\/03\/31\/porsche-911-uma-combinacao-perfeita\/","url":"https:\/\/porschecenterbh.com.br\/blog\/2025\/03\/31\/porsche-911-uma-combinacao-perfeita\/","name":"Voc\u00ea e o Porsche 911: uma combina\u00e7\u00e3o perfeita - Blog Porsche Center BH","isPartOf":{"@id":"https:\/\/porschecenterbh.com.br\/blog\/#website"},"datePublished":"2025-03-31T17:06:41+00:00","dateModified":"2025-03-31T17:06:41+00:00","description":"Conhe\u00e7a a hist\u00f3ria e todos os detalhes do lend\u00e1rio Porsche 911, o ve\u00edculo que combina tradi\u00e7\u00e3o, tecnologia e pot\u00eancia de uma maneira \u00fanica.","breadcrumb":{"@id":"https:\/\/porschecenterbh.com.br\/blog\/2025\/03\/31\/porsche-911-uma-combinacao-perfeita\/#breadcrumb"},"inLanguage":"pt-BR","potentialAction":[{"@type":"ReadAction","target":["https:\/\/porschecenterbh.com.br\/blog\/2025\/03\/31\/porsche-911-uma-combinacao-perfeita\/"]}]},{"@type":"BreadcrumbList","@id":"https:\/\/porschecenterbh.com.br\/blog\/2025\/03\/31\/porsche-911-uma-combinacao-perfeita\/#breadcrumb","itemListElement":[{"@type":"ListItem","position":1,"name":"In\u00edcio","item":"https:\/\/porschecenterbh.com.br\/blog\/"},{"@type":"ListItem","position":2,"name":"Voc\u00ea e o Porsche 911: uma combina\u00e7\u00e3o perfeita"}]},{"@type":"WebSite","@id":"https:\/\/porschecenterbh.com.br\/blog\/#website","url":"https:\/\/porschecenterbh.com.br\/blog\/","name":"Blog Porsche Center BH","description":"","publisher":{"@id":"https:\/\/porschecenterbh.com.br\/blog\/#organization"},"potentialAction":[{"@type":"SearchAction","target":{"@type":"EntryPoint","urlTemplate":"https:\/\/porschecenterbh.com.br\/blog\/?s={search_term_string}"},"query-input":"required name=search_term_string"}],"inLanguage":"pt-BR"},{"@type":"Organization","@id":"https:\/\/porschecenterbh.com.br\/blog\/#organization","name":"Blog Porsche Center BH","url":"https:\/\/porschecenterbh.com.br\/blog\/","logo":{"@type":"ImageObject","inLanguage":"pt-BR","@id":"https:\/\/porschecenterbh.com.br\/blog\/#\/schema\/logo\/image\/","url":"https:\/\/porschecenterbh.com.br\/blog\/wp-content\/uploads\/2023\/06\/cropped-Logo-4cores-11cm_02-1.png","contentUrl":"https:\/\/porschecenterbh.com.br\/blog\/wp-content\/uploads\/2023\/06\/cropped-Logo-4cores-11cm_02-1.png","width":153,"height":49,"caption":"Blog Porsche Center BH"},"image":{"@id":"https:\/\/porschecenterbh.com.br\/blog\/#\/schema\/logo\/image\/"}},{"@type":"Person","@id":"https:\/\/porschecenterbh.com.br\/blog\/#\/schema\/person\/138434cb83c58b1bd5bf0d4afbd0eddc","name":"Duo Studio","image":{"@type":"ImageObject","inLanguage":"pt-BR","@id":"https:\/\/porschecenterbh.com.br\/blog\/#\/schema\/person\/image\/","url":"https:\/\/secure.gravatar.com\/avatar\/25466359867b917a48ab564f69fcf877?s=96&d=mm&r=g","contentUrl":"https:\/\/secure.gravatar.com\/avatar\/25466359867b917a48ab564f69fcf877?s=96&d=mm&r=g","caption":"Duo Studio"},"url":"https:\/\/porschecenterbh.com.br\/blog\/author\/duo-studio\/"}]}},"_links":{"self":[{"href":"https:\/\/porschecenterbh.com.br\/blog\/wp-json\/wp\/v2\/posts\/400"}],"collection":[{"href":"https:\/\/porschecenterbh.com.br\/blog\/wp-json\/wp\/v2\/posts"}],"about":[{"href":"https:\/\/porschecenterbh.com.br\/blog\/wp-json\/wp\/v2\/types\/post"}],"author":[{"embeddable":true,"href":"https:\/\/porschecenterbh.com.br\/blog\/wp-json\/wp\/v2\/users\/7"}],"replies":[{"embeddable":true,"href":"https:\/\/porschecenterbh.com.br\/blog\/wp-json\/wp\/v2\/comments?post=400"}],"version-history":[{"count":1,"href":"https:\/\/porschecenterbh.com.br\/blog\/wp-json\/wp\/v2\/posts\/400\/revisions"}],"predecessor-version":[{"id":402,"href":"https:\/\/porschecenterbh.com.br\/blog\/wp-json\/wp\/v2\/posts\/400\/revisions\/402"}],"wp:featuredmedia":[{"embeddable":true,"href":"https:\/\/porschecenterbh.com.br\/blog\/wp-json\/wp\/v2\/media\/401"}],"wp:attachment":[{"href":"https:\/\/porschecenterbh.com.br\/blog\/wp-json\/wp\/v2\/media?parent=400"}],"wp:term":[{"taxonomy":"category","embeddable":true,"href":"https:\/\/porschecenterbh.com.br\/blog\/wp-json\/wp\/v2\/categories?post=400"},{"taxonomy":"post_tag","embeddable":true,"href":"https:\/\/porschecenterbh.com.br\/blog\/wp-json\/wp\/v2\/tags?post=400"}],"curies":[{"name":"wp","href":"https:\/\/api.w.org\/{rel}","templated":true}]}}