{"id":394,"date":"2025-03-25T13:42:55","date_gmt":"2025-03-25T13:42:55","guid":{"rendered":"https:\/\/porschecenterbh.com.br\/blog\/?p=394"},"modified":"2025-03-25T13:42:55","modified_gmt":"2025-03-25T13:42:55","slug":"porsche-cayenne-conheca-o-suv-esportivo-para-toda-a-familia","status":"publish","type":"post","link":"https:\/\/porschecenterbh.com.br\/blog\/2025\/03\/25\/porsche-cayenne-conheca-o-suv-esportivo-para-toda-a-familia\/","title":{"rendered":"Porsche Cayenne: conhe\u00e7a o SUV esportivo para toda a fam\u00edlia"},"content":{"rendered":"<p><span style=\"font-weight: 400;\">Quando pensamos em ve\u00edculos para a fam\u00edlia, espa\u00e7o, conforto e seguran\u00e7a costumam ser prioridade. Mas e se voc\u00ea pudesse ter tudo isso com uma performance de tirar o f\u00f4lego?<\/span><\/p>\n<p><span style=\"font-weight: 400;\">O Porsche Cayenne redefine o conceito de SUV esportivo. Mais do que um carro espa\u00e7oso, ele \u00e9 uma m\u00e1quina de alta performance que combina o prazer de dirigir caracter\u00edstico da marca com a praticidade e sofistica\u00e7\u00e3o para o dia a dia.<\/span><\/p>\n<p><span style=\"font-weight: 400;\">Se busca um modelo que une pot\u00eancia e tudo o que sua fam\u00edlia merece, o<a href=\"https:\/\/materiais.porschecenterbh.com.br\/cayenne\"> Porsche Cayenne<\/a> \u00e9 a escolha ideal. Quer saber mais? Continue a leitura!<\/span><\/p>\n<h2><b>Espa\u00e7o e conforto: luxo em cada detalhe<\/b><\/h2>\n<p><span style=\"font-weight: 400;\">Por dentro, o Porsche Cayenne impressiona com seus cinco assentos amplos, que acomodam todos com conforto digno de primeira classe. Cada detalhe \u00e9 pensado para proporcionar bem-estar: dos bancos ajust\u00e1veis com acabamento em couro premium \u00e0 climatiza\u00e7\u00e3o individual para cada ocupante.<\/span><\/p>\n<p><span style=\"font-weight: 400;\">Precisa de espa\u00e7o para as malas do fim de semana? O porta-malas \u00e9 generoso, com at\u00e9 772 litros de capacidade &#8211; o suficiente para levar tudo o que sua fam\u00edlia precisa, sem comprometer o design arrojado do ve\u00edculo. Viajar no Cayenne \u00e9 desfrutar do equil\u00edbrio perfeito entre sofistica\u00e7\u00e3o e praticidade.<\/span><\/p>\n<h2><b>Desempenho que acelera o cora\u00e7\u00e3o<\/b><\/h2>\n<p><span style=\"font-weight: 400;\">Dirigir esse ve\u00edculo \u00e9 sentir o pulso de um verdadeiro SUV esportivo em suas m\u00e3os. Equipado com motores potentes, entrega impressionantes 470 cv em vers\u00f5es como o <a href=\"https:\/\/materiais.porschecenterbh.com.br\/cayenne\">Cayenne E-Hybrid Coupe<\/a>. Isso significa acelera\u00e7\u00e3o instant\u00e2nea, respostas r\u00e1pidas e uma dirigibilidade que torna cada curva emocionante.<\/span><\/p>\n<p><span style=\"font-weight: 400;\">E o melhor: todo esse desempenho \u00e9 acompanhado por sistemas de tra\u00e7\u00e3o integral e suspens\u00e3o adaptativa, garantindo estabilidade e conforto em qualquer terreno. Seja na cidade, na estrada ou em uma trilha desafiadora, ele se adapta ao seu ritmo com perfei\u00e7\u00e3o.<\/span><\/p>\n<h2><b>Tecnologia que conecta e protege<\/b><\/h2>\n<p><span style=\"font-weight: 400;\">O Porsche Cayenne \u00e9 potente e, mais do que isso, inteligente. O sistema Porsche Communication Management (PCM) mant\u00e9m voc\u00ea conectado com o mundo, oferecendo integra\u00e7\u00e3o total com seu smartphone, navega\u00e7\u00e3o em tempo real e at\u00e9 mesmo comandos por voz.<\/span><\/p>\n<p><span style=\"font-weight: 400;\">Como seguran\u00e7a \u00e9 prioridade, o Cayenne tamb\u00e9m vem equipado com tecnologias avan\u00e7adas como:<\/span><\/p>\n<ul>\n<li style=\"font-weight: 400;\" aria-level=\"1\"><span style=\"font-weight: 400;\">Controle de cruzeiro adaptativo;<\/span><\/li>\n<li style=\"font-weight: 400;\" aria-level=\"1\"><span style=\"font-weight: 400;\">Assistentes de mudan\u00e7a de faixa;<\/span><\/li>\n<li style=\"font-weight: 400;\" aria-level=\"1\"><span style=\"font-weight: 400;\">Frenagem autom\u00e1tica de emerg\u00eancia;<\/span><\/li>\n<li style=\"font-weight: 400;\" aria-level=\"1\"><span style=\"font-weight: 400;\">Sistema de vis\u00e3o noturna.<\/span><\/li>\n<\/ul>\n<p><span style=\"font-weight: 400;\">Essas inova\u00e7\u00f5es protegem a sua fam\u00edlia e tornam cada viagem mais tranquila e prazerosa.<\/span><\/p>\n<h2><b>Design: uma obra de arte em movimento<\/b><\/h2>\n<p><span style=\"font-weight: 400;\">O design do Cayenne \u00e9 inconfund\u00edvel. Linhas arrojadas, far\u00f3is que evocam a tradi\u00e7\u00e3o Porsche e uma silhueta esportiva que chama aten\u00e7\u00e3o por onde passa. \u00c9 um carro que combina presen\u00e7a e eleg\u00e2ncia, sem perder o DNA de um verdadeiro esportivo.<\/span><\/p>\n<p><span style=\"font-weight: 400;\">No interior, o luxo \u00e9 elevado a outro n\u00edvel. Al\u00e9m dos acabamentos impec\u00e1veis, h\u00e1 telas digitais que transformam o painel em um centro de controle futurista. \u00c9 o tipo de carro que faz voc\u00ea sentir orgulho a cada vez que o estaciona na garagem.<\/span><\/p>\n<h3><b>Viva a experi\u00eancia do SUV esportivo<\/b><\/h3>\n<p><span style=\"font-weight: 400;\">Chegou a hora de transformar sua rotina e experimentar o verdadeiro prazer de dirigir. Visite o Porsche Center Belo Horizonte e conhe\u00e7a de perto o <a href=\"https:\/\/materiais.porschecenterbh.com.br\/cayenne\">Porsche Cayenne<\/a>.\u00a0<\/span><\/p>\n<p><b>Viva o extraordin\u00e1rio. Viva Porsche.<\/b><\/p>\n","protected":false},"excerpt":{"rendered":"<p class=\"qua-blog-post-description\">Quando pensamos em ve\u00edculos para a fam\u00edlia, espa\u00e7o, conforto e seguran\u00e7a costumam ser prioridade. Mas e se voc\u00ea pudesse ter tudo isso com uma performance de tirar o f\u00f4lego? O Porsche Cayenne redefine o conceito de SUV esportivo. Mais do que um carro espa\u00e7oso, ele \u00e9 uma m\u00e1quina de alta performance que combina o prazer<\/p>\n<p class=\"qua-blog-post-description\"><a href=\"https:\/\/porschecenterbh.com.br\/blog\/2025\/03\/25\/porsche-cayenne-conheca-o-suv-esportivo-para-toda-a-familia\/#more-394\" class=\"more-link\">Ler mais<\/a><\/p>\n","protected":false},"author":7,"featured_media":395,"comment_status":"open","ping_status":"open","sticky":false,"template":"","format":"standard","meta":{"footnotes":""},"categories":[18],"tags":[],"class_list":["post-394","post","type-post","status-publish","format-standard","has-post-thumbnail","hentry","category-blog"],"yoast_head":"<!-- This site is optimized with the Yoast SEO plugin v20.5 - https:\/\/yoast.com\/wordpress\/plugins\/seo\/ -->\n<title>Porsche Cayenne: conhe\u00e7a o SUV esportivo para toda a fam\u00edlia - Blog Porsche Center BH<\/title>\n<meta name=\"description\" content=\"Conhe\u00e7a o SUV esportivo que une performance, conforto e espa\u00e7o para a fam\u00edlia e veja como esse carro transforma cada viagem em uma experi\u00eancia \u00fanica.\" \/>\n<meta name=\"robots\" content=\"index, follow, max-snippet:-1, max-image-preview:large, max-video-preview:-1\" \/>\n<link rel=\"canonical\" href=\"https:\/\/porschecenterbh.com.br\/blog\/2025\/03\/25\/porsche-cayenne-conheca-o-suv-esportivo-para-toda-a-familia\/\" \/>\n<meta property=\"og:locale\" content=\"pt_BR\" \/>\n<meta property=\"og:type\" content=\"article\" \/>\n<meta property=\"og:title\" content=\"Porsche Cayenne: conhe\u00e7a o SUV esportivo para toda a fam\u00edlia - Blog Porsche Center BH\" \/>\n<meta property=\"og:description\" content=\"Conhe\u00e7a o SUV esportivo que une performance, conforto e espa\u00e7o para a fam\u00edlia e veja como esse carro transforma cada viagem em uma experi\u00eancia \u00fanica.\" \/>\n<meta property=\"og:url\" content=\"https:\/\/porschecenterbh.com.br\/blog\/2025\/03\/25\/porsche-cayenne-conheca-o-suv-esportivo-para-toda-a-familia\/\" \/>\n<meta property=\"og:site_name\" content=\"Blog Porsche Center BH\" \/>\n<meta property=\"article:published_time\" content=\"2025-03-25T13:42:55+00:00\" \/>\n<meta property=\"og:image\" content=\"https:\/\/porschecenterbh.com.br\/blog\/wp-content\/uploads\/2025\/03\/capa-blog-21.png\" \/>\n\t<meta property=\"og:image:width\" content=\"1920\" \/>\n\t<meta property=\"og:image:height\" content=\"1080\" \/>\n\t<meta property=\"og:image:type\" content=\"image\/png\" \/>\n<meta name=\"author\" content=\"Duo Studio\" \/>\n<meta name=\"twitter:card\" content=\"summary_large_image\" \/>\n<meta name=\"twitter:label1\" content=\"Escrito por\" \/>\n\t<meta name=\"twitter:data1\" content=\"Duo Studio\" \/>\n\t<meta name=\"twitter:label2\" content=\"Est. tempo de leitura\" \/>\n\t<meta name=\"twitter:data2\" content=\"3 minutos\" \/>\n<script type=\"application\/ld+json\" class=\"yoast-schema-graph\">{\"@context\":\"https:\/\/schema.org\",\"@graph\":[{\"@type\":\"Article\",\"@id\":\"https:\/\/porschecenterbh.com.br\/blog\/2025\/03\/25\/porsche-cayenne-conheca-o-suv-esportivo-para-toda-a-familia\/#article\",\"isPartOf\":{\"@id\":\"https:\/\/porschecenterbh.com.br\/blog\/2025\/03\/25\/porsche-cayenne-conheca-o-suv-esportivo-para-toda-a-familia\/\"},\"author\":{\"name\":\"Duo Studio\",\"@id\":\"https:\/\/porschecenterbh.com.br\/blog\/#\/schema\/person\/138434cb83c58b1bd5bf0d4afbd0eddc\"},\"headline\":\"Porsche Cayenne: conhe\u00e7a o SUV esportivo para toda a fam\u00edlia\",\"datePublished\":\"2025-03-25T13:42:55+00:00\",\"dateModified\":\"2025-03-25T13:42:55+00:00\",\"mainEntityOfPage\":{\"@id\":\"https:\/\/porschecenterbh.com.br\/blog\/2025\/03\/25\/porsche-cayenne-conheca-o-suv-esportivo-para-toda-a-familia\/\"},\"wordCount\":551,\"commentCount\":0,\"publisher\":{\"@id\":\"https:\/\/porschecenterbh.com.br\/blog\/#organization\"},\"articleSection\":[\"Blog\"],\"inLanguage\":\"pt-BR\",\"potentialAction\":[{\"@type\":\"CommentAction\",\"name\":\"Comment\",\"target\":[\"https:\/\/porschecenterbh.com.br\/blog\/2025\/03\/25\/porsche-cayenne-conheca-o-suv-esportivo-para-toda-a-familia\/#respond\"]}]},{\"@type\":\"WebPage\",\"@id\":\"https:\/\/porschecenterbh.com.br\/blog\/2025\/03\/25\/porsche-cayenne-conheca-o-suv-esportivo-para-toda-a-familia\/\",\"url\":\"https:\/\/porschecenterbh.com.br\/blog\/2025\/03\/25\/porsche-cayenne-conheca-o-suv-esportivo-para-toda-a-familia\/\",\"name\":\"Porsche Cayenne: conhe\u00e7a o SUV esportivo para toda a fam\u00edlia - Blog Porsche Center BH\",\"isPartOf\":{\"@id\":\"https:\/\/porschecenterbh.com.br\/blog\/#website\"},\"datePublished\":\"2025-03-25T13:42:55+00:00\",\"dateModified\":\"2025-03-25T13:42:55+00:00\",\"description\":\"Conhe\u00e7a o SUV esportivo que une performance, conforto e espa\u00e7o para a fam\u00edlia e veja como esse carro transforma cada viagem em uma experi\u00eancia \u00fanica.\",\"breadcrumb\":{\"@id\":\"https:\/\/porschecenterbh.com.br\/blog\/2025\/03\/25\/porsche-cayenne-conheca-o-suv-esportivo-para-toda-a-familia\/#breadcrumb\"},\"inLanguage\":\"pt-BR\",\"potentialAction\":[{\"@type\":\"ReadAction\",\"target\":[\"https:\/\/porschecenterbh.com.br\/blog\/2025\/03\/25\/porsche-cayenne-conheca-o-suv-esportivo-para-toda-a-familia\/\"]}]},{\"@type\":\"BreadcrumbList\",\"@id\":\"https:\/\/porschecenterbh.com.br\/blog\/2025\/03\/25\/porsche-cayenne-conheca-o-suv-esportivo-para-toda-a-familia\/#breadcrumb\",\"itemListElement\":[{\"@type\":\"ListItem\",\"position\":1,\"name\":\"In\u00edcio\",\"item\":\"https:\/\/porschecenterbh.com.br\/blog\/\"},{\"@type\":\"ListItem\",\"position\":2,\"name\":\"Porsche Cayenne: conhe\u00e7a o SUV esportivo para toda a fam\u00edlia\"}]},{\"@type\":\"WebSite\",\"@id\":\"https:\/\/porschecenterbh.com.br\/blog\/#website\",\"url\":\"https:\/\/porschecenterbh.com.br\/blog\/\",\"name\":\"Blog Porsche Center BH\",\"description\":\"\",\"publisher\":{\"@id\":\"https:\/\/porschecenterbh.com.br\/blog\/#organization\"},\"potentialAction\":[{\"@type\":\"SearchAction\",\"target\":{\"@type\":\"EntryPoint\",\"urlTemplate\":\"https:\/\/porschecenterbh.com.br\/blog\/?s={search_term_string}\"},\"query-input\":\"required name=search_term_string\"}],\"inLanguage\":\"pt-BR\"},{\"@type\":\"Organization\",\"@id\":\"https:\/\/porschecenterbh.com.br\/blog\/#organization\",\"name\":\"Blog Porsche Center BH\",\"url\":\"https:\/\/porschecenterbh.com.br\/blog\/\",\"logo\":{\"@type\":\"ImageObject\",\"inLanguage\":\"pt-BR\",\"@id\":\"https:\/\/porschecenterbh.com.br\/blog\/#\/schema\/logo\/image\/\",\"url\":\"https:\/\/porschecenterbh.com.br\/blog\/wp-content\/uploads\/2023\/06\/cropped-Logo-4cores-11cm_02-1.png\",\"contentUrl\":\"https:\/\/porschecenterbh.com.br\/blog\/wp-content\/uploads\/2023\/06\/cropped-Logo-4cores-11cm_02-1.png\",\"width\":153,\"height\":49,\"caption\":\"Blog Porsche Center BH\"},\"image\":{\"@id\":\"https:\/\/porschecenterbh.com.br\/blog\/#\/schema\/logo\/image\/\"}},{\"@type\":\"Person\",\"@id\":\"https:\/\/porschecenterbh.com.br\/blog\/#\/schema\/person\/138434cb83c58b1bd5bf0d4afbd0eddc\",\"name\":\"Duo Studio\",\"image\":{\"@type\":\"ImageObject\",\"inLanguage\":\"pt-BR\",\"@id\":\"https:\/\/porschecenterbh.com.br\/blog\/#\/schema\/person\/image\/\",\"url\":\"https:\/\/secure.gravatar.com\/avatar\/25466359867b917a48ab564f69fcf877?s=96&d=mm&r=g\",\"contentUrl\":\"https:\/\/secure.gravatar.com\/avatar\/25466359867b917a48ab564f69fcf877?s=96&d=mm&r=g\",\"caption\":\"Duo Studio\"},\"url\":\"https:\/\/porschecenterbh.com.br\/blog\/author\/duo-studio\/\"}]}<\/script>\n<!-- \/ Yoast SEO plugin. -->","yoast_head_json":{"title":"Porsche Cayenne: conhe\u00e7a o SUV esportivo para toda a fam\u00edlia - Blog Porsche Center BH","description":"Conhe\u00e7a o SUV esportivo que une performance, conforto e espa\u00e7o para a fam\u00edlia e veja como esse carro transforma cada viagem em uma experi\u00eancia \u00fanica.","robots":{"index":"index","follow":"follow","max-snippet":"max-snippet:-1","max-image-preview":"max-image-preview:large","max-video-preview":"max-video-preview:-1"},"canonical":"https:\/\/porschecenterbh.com.br\/blog\/2025\/03\/25\/porsche-cayenne-conheca-o-suv-esportivo-para-toda-a-familia\/","og_locale":"pt_BR","og_type":"article","og_title":"Porsche Cayenne: conhe\u00e7a o SUV esportivo para toda a fam\u00edlia - Blog Porsche Center BH","og_description":"Conhe\u00e7a o SUV esportivo que une performance, conforto e espa\u00e7o para a fam\u00edlia e veja como esse carro transforma cada viagem em uma experi\u00eancia \u00fanica.","og_url":"https:\/\/porschecenterbh.com.br\/blog\/2025\/03\/25\/porsche-cayenne-conheca-o-suv-esportivo-para-toda-a-familia\/","og_site_name":"Blog Porsche Center BH","article_published_time":"2025-03-25T13:42:55+00:00","og_image":[{"width":1920,"height":1080,"url":"https:\/\/porschecenterbh.com.br\/blog\/wp-content\/uploads\/2025\/03\/capa-blog-21.png","type":"image\/png"}],"author":"Duo Studio","twitter_card":"summary_large_image","twitter_misc":{"Escrito por":"Duo Studio","Est. tempo de leitura":"3 minutos"},"schema":{"@context":"https:\/\/schema.org","@graph":[{"@type":"Article","@id":"https:\/\/porschecenterbh.com.br\/blog\/2025\/03\/25\/porsche-cayenne-conheca-o-suv-esportivo-para-toda-a-familia\/#article","isPartOf":{"@id":"https:\/\/porschecenterbh.com.br\/blog\/2025\/03\/25\/porsche-cayenne-conheca-o-suv-esportivo-para-toda-a-familia\/"},"author":{"name":"Duo Studio","@id":"https:\/\/porschecenterbh.com.br\/blog\/#\/schema\/person\/138434cb83c58b1bd5bf0d4afbd0eddc"},"headline":"Porsche Cayenne: conhe\u00e7a o SUV esportivo para toda a fam\u00edlia","datePublished":"2025-03-25T13:42:55+00:00","dateModified":"2025-03-25T13:42:55+00:00","mainEntityOfPage":{"@id":"https:\/\/porschecenterbh.com.br\/blog\/2025\/03\/25\/porsche-cayenne-conheca-o-suv-esportivo-para-toda-a-familia\/"},"wordCount":551,"commentCount":0,"publisher":{"@id":"https:\/\/porschecenterbh.com.br\/blog\/#organization"},"articleSection":["Blog"],"inLanguage":"pt-BR","potentialAction":[{"@type":"CommentAction","name":"Comment","target":["https:\/\/porschecenterbh.com.br\/blog\/2025\/03\/25\/porsche-cayenne-conheca-o-suv-esportivo-para-toda-a-familia\/#respond"]}]},{"@type":"WebPage","@id":"https:\/\/porschecenterbh.com.br\/blog\/2025\/03\/25\/porsche-cayenne-conheca-o-suv-esportivo-para-toda-a-familia\/","url":"https:\/\/porschecenterbh.com.br\/blog\/2025\/03\/25\/porsche-cayenne-conheca-o-suv-esportivo-para-toda-a-familia\/","name":"Porsche Cayenne: conhe\u00e7a o SUV esportivo para toda a fam\u00edlia - Blog Porsche Center BH","isPartOf":{"@id":"https:\/\/porschecenterbh.com.br\/blog\/#website"},"datePublished":"2025-03-25T13:42:55+00:00","dateModified":"2025-03-25T13:42:55+00:00","description":"Conhe\u00e7a o SUV esportivo que une performance, conforto e espa\u00e7o para a fam\u00edlia e veja como esse carro transforma cada viagem em uma experi\u00eancia \u00fanica.","breadcrumb":{"@id":"https:\/\/porschecenterbh.com.br\/blog\/2025\/03\/25\/porsche-cayenne-conheca-o-suv-esportivo-para-toda-a-familia\/#breadcrumb"},"inLanguage":"pt-BR","potentialAction":[{"@type":"ReadAction","target":["https:\/\/porschecenterbh.com.br\/blog\/2025\/03\/25\/porsche-cayenne-conheca-o-suv-esportivo-para-toda-a-familia\/"]}]},{"@type":"BreadcrumbList","@id":"https:\/\/porschecenterbh.com.br\/blog\/2025\/03\/25\/porsche-cayenne-conheca-o-suv-esportivo-para-toda-a-familia\/#breadcrumb","itemListElement":[{"@type":"ListItem","position":1,"name":"In\u00edcio","item":"https:\/\/porschecenterbh.com.br\/blog\/"},{"@type":"ListItem","position":2,"name":"Porsche Cayenne: conhe\u00e7a o SUV esportivo para toda a fam\u00edlia"}]},{"@type":"WebSite","@id":"https:\/\/porschecenterbh.com.br\/blog\/#website","url":"https:\/\/porschecenterbh.com.br\/blog\/","name":"Blog Porsche Center BH","description":"","publisher":{"@id":"https:\/\/porschecenterbh.com.br\/blog\/#organization"},"potentialAction":[{"@type":"SearchAction","target":{"@type":"EntryPoint","urlTemplate":"https:\/\/porschecenterbh.com.br\/blog\/?s={search_term_string}"},"query-input":"required name=search_term_string"}],"inLanguage":"pt-BR"},{"@type":"Organization","@id":"https:\/\/porschecenterbh.com.br\/blog\/#organization","name":"Blog Porsche Center BH","url":"https:\/\/porschecenterbh.com.br\/blog\/","logo":{"@type":"ImageObject","inLanguage":"pt-BR","@id":"https:\/\/porschecenterbh.com.br\/blog\/#\/schema\/logo\/image\/","url":"https:\/\/porschecenterbh.com.br\/blog\/wp-content\/uploads\/2023\/06\/cropped-Logo-4cores-11cm_02-1.png","contentUrl":"https:\/\/porschecenterbh.com.br\/blog\/wp-content\/uploads\/2023\/06\/cropped-Logo-4cores-11cm_02-1.png","width":153,"height":49,"caption":"Blog Porsche Center BH"},"image":{"@id":"https:\/\/porschecenterbh.com.br\/blog\/#\/schema\/logo\/image\/"}},{"@type":"Person","@id":"https:\/\/porschecenterbh.com.br\/blog\/#\/schema\/person\/138434cb83c58b1bd5bf0d4afbd0eddc","name":"Duo Studio","image":{"@type":"ImageObject","inLanguage":"pt-BR","@id":"https:\/\/porschecenterbh.com.br\/blog\/#\/schema\/person\/image\/","url":"https:\/\/secure.gravatar.com\/avatar\/25466359867b917a48ab564f69fcf877?s=96&d=mm&r=g","contentUrl":"https:\/\/secure.gravatar.com\/avatar\/25466359867b917a48ab564f69fcf877?s=96&d=mm&r=g","caption":"Duo Studio"},"url":"https:\/\/porschecenterbh.com.br\/blog\/author\/duo-studio\/"}]}},"_links":{"self":[{"href":"https:\/\/porschecenterbh.com.br\/blog\/wp-json\/wp\/v2\/posts\/394"}],"collection":[{"href":"https:\/\/porschecenterbh.com.br\/blog\/wp-json\/wp\/v2\/posts"}],"about":[{"href":"https:\/\/porschecenterbh.com.br\/blog\/wp-json\/wp\/v2\/types\/post"}],"author":[{"embeddable":true,"href":"https:\/\/porschecenterbh.com.br\/blog\/wp-json\/wp\/v2\/users\/7"}],"replies":[{"embeddable":true,"href":"https:\/\/porschecenterbh.com.br\/blog\/wp-json\/wp\/v2\/comments?post=394"}],"version-history":[{"count":1,"href":"https:\/\/porschecenterbh.com.br\/blog\/wp-json\/wp\/v2\/posts\/394\/revisions"}],"predecessor-version":[{"id":396,"href":"https:\/\/porschecenterbh.com.br\/blog\/wp-json\/wp\/v2\/posts\/394\/revisions\/396"}],"wp:featuredmedia":[{"embeddable":true,"href":"https:\/\/porschecenterbh.com.br\/blog\/wp-json\/wp\/v2\/media\/395"}],"wp:attachment":[{"href":"https:\/\/porschecenterbh.com.br\/blog\/wp-json\/wp\/v2\/media?parent=394"}],"wp:term":[{"taxonomy":"category","embeddable":true,"href":"https:\/\/porschecenterbh.com.br\/blog\/wp-json\/wp\/v2\/categories?post=394"},{"taxonomy":"post_tag","embeddable":true,"href":"https:\/\/porschecenterbh.com.br\/blog\/wp-json\/wp\/v2\/tags?post=394"}],"curies":[{"name":"wp","href":"https:\/\/api.w.org\/{rel}","templated":true}]}}